{"id":2317,"date":"2025-01-01T10:20:47","date_gmt":"2025-01-01T10:20:47","guid":{"rendered":"https:\/\/fernandolopes.pt\/?p=2317"},"modified":"2025-09-11T19:49:57","modified_gmt":"2025-09-11T18:49:57","slug":"horarios-precos-torre-belem-lisboa","status":"publish","type":"post","link":"https:\/\/fernandolopes.pt\/es\/horarios-precos-torre-belem-lisboa\/","title":{"rendered":"Horarios, precios y boletos de la Torre de Bel\u00e9m"},"content":{"rendered":"<p><div id='gallery-2' class='gallery galleryid-2317 gallery-columns-3 gallery-size-thumbnail'><figure class='gallery-item'>\n\t\t\t<div class='gallery-icon landscape'>\n\t\t\t\t<img loading=\"lazy\" decoding=\"async\" width=\"150\" height=\"150\" src=\"https:\/\/fernandolopes.pt\/wp-content\/uploads\/Torre-de-Belem-150x150.jpg\" class=\"attachment-thumbnail size-thumbnail\" alt=\"Torre de Belen\" aria-describedby=\"gallery-2-8479\" \/>\n\t\t\t<\/div>\n\t\t\t\t<figcaption class='wp-caption-text gallery-caption' id='gallery-2-8479'>\n\t\t\t\tTorre de Belen\n\t\t\t\t<\/figcaption><\/figure><figure class='gallery-item'>\n\t\t\t<div class='gallery-icon landscape'>\n\t\t\t\t<img loading=\"lazy\" decoding=\"async\" width=\"150\" height=\"150\" src=\"https:\/\/fernandolopes.pt\/wp-content\/uploads\/hidroaviao-150x150.jpg\" class=\"attachment-thumbnail size-thumbnail\" alt=\"Hidroavi\u00f3n\" aria-describedby=\"gallery-2-8614\" \/>\n\t\t\t<\/div>\n\t\t\t\t<figcaption class='wp-caption-text gallery-caption' id='gallery-2-8614'>\n\t\t\t\tHidroavi\u00f3n\n\t\t\t\t<\/figcaption><\/figure><figure class='gallery-item'>\n\t\t\t<div class='gallery-icon landscape'>\n\t\t\t\t<img loading=\"lazy\" decoding=\"async\" width=\"150\" height=\"150\" src=\"https:\/\/fernandolopes.pt\/wp-content\/uploads\/Vista-150x150.jpg\" class=\"attachment-thumbnail size-thumbnail\" alt=\"Vista desde Bel\u00e9m\" aria-describedby=\"gallery-2-8615\" \/>\n\t\t\t<\/div>\n\t\t\t\t<figcaption class='wp-caption-text gallery-caption' id='gallery-2-8615'>\n\t\t\t\tVista desde Belen\n\t\t\t\t<\/figcaption><\/figure>\n\t\t<\/div>\n<\/p>\n<p style=\"color: #FF0000; font-size: 24px\"><strong>La Torre de Bel\u00e9m permanecer\u00e1 cerrada al p\u00fablico por obras de renovaci\u00f3n durante lo que resta de 2025.<\/strong><\/p>\n<h2>Horarios de la Torre de Bel\u00e9m<\/h2>\n<ol><strong>Martes a Domingo<\/strong> das 09:30 as 17:30.<\/ol>\n<ol><strong>Cerrado:<\/strong> Lunes y 25 Diciembre, 1 Enero, Domingo de Pascua, 1 Mayo y 13 Junio.<\/ol>\n<h2>Precios de entradas<\/h2>\n<ul>\n<li>25 a 64 a\u00f1os : 15,00 Euros.<\/li>\n<li>65 o + a\u00f1os : 7,50 euros.<\/li>\n<li>13 asta 24 a\u00f1os : 7,50 euros.<\/li>\n<p><strong>Gratis<\/strong><br \/>\n&#8211; Asta 12 a\u00f1os.<br \/>\n&#8211; Con la tarjeta <a href=\"https:\/\/www.civitatis.com\/es\/lisboa\/lisboa-card\/?ag_aid=47063&#038;ag_cmp=linklctorrebelemes\" rel=\"nofollow noopener sponsored\" target=\"_blank\">Lisboa Card<\/a>.<br \/>\n&#8211; Domingos y festivos, para los residentes en Portugal.<br \/>\n&#8211; Con discapacidad igual o + de 60% y un acompa\u00f1ante.<\/p>\n<li><a href=\"https:\/\/www.tiqets.com\/es\/atracciones-lisboa-c76528\/entradas-para-torre-de-belem-acceso-rapido-p1012361\/?partner=fernando_lopes_agencia_viagens&#038;tq_campaign=TQlxtorrebelemES\" target=\"_blank\" rel=\"nofollow noopener sponsored\" style=\"color:#db0000\"><strong>Entradas a la Torre de Bel\u00e9n<\/strong><\/a><\/li>\n<\/ul>\n<p><strong>Ubicaci\u00f3n:<\/strong> Avenida de Bras\u00edlia. 1400-038 Lisboa.<\/p>\n<h2>Historia de la Torre de Bel\u00e9m<\/h2>\n<p> La Torre de Bel\u00e9m, tambi\u00e9n llamada Torre de S\u00e3o Vicente, fue construida por Don Manuel 1\u00ba, debido al \u00e9xito de las campa\u00f1as mar\u00edtimas. Construida en estilo arquitect\u00f3nico militar a principios del siglo 16, entre 1514 y 1519, como torre defensiva de la ciudad de Lisboa. para evitar ataques piratas debido a los productos que llegan a Lisboa desde la India. En 1983 fue clasificado como Patrimonio de la Humanidad por la UNESCO y elegido como una de las Siete Maravillas de Portugal en 2007.<\/p>\n<h2>Paseos en Bel\u00e9n<\/h2>\n<div style='text-align:center;'><script>function loadScript(url, callback){var script=document.createElement('script'); script.type='text\/javascript'; if (script.readyState){script.onreadystatechange=function(){if (script.readyState=='loaded' || script.readyState=='complete'){script.onreadystatechange=null; callback();}};}else{script.onload=function(){callback();};}script.src=url; document.getElementsByTagName('head')[0].appendChild(script);}loadScript('https:\/\/www.civitatis.com\/f\/js\/vendor\/iframeResizer.min.js', function(){iFrameResize({checkOrigin:false,initCallback:function(iframe){setTimeout(function(){var resizeEvent = window.document.createEvent('UIEvents'); resizeEvent.initUIEvent('resize', true, false, window, 0); iframe.dispatchEvent(resizeEvent);});}})})<\/script><iframe class='civitatis-iframe' src='https:\/\/www.civitatis.com\/widget-activities\/?agencyId=47063&#038;agencyUserId=51488&#038;display=aside&#038;cant=3&#038;lang=es&#038;currency=EUR&#038;destination=17&#038;activities=28298,32722,4697&#038;transfer=0&#038;cmp=W_LxTorreBelem_ES1&#038;width=100%&#038;hideButton=1&#038;centerContent=1&#038;typeSelection=manual&#038;color=f70759&#038;typography=Montserrat&#038;removeBackground=1&#038;showShadow=1&#038;roundedButtons=1' width='100%'  frameborder='0' data-maxwidth='100%' style='max-width: 100%'><\/iframe><\/div>\n<h2>Paseos en Lisboa<\/h2>\n<div style='text-align:center;'><script>function loadScript(url, callback){var script=document.createElement('script'); script.type='text\/javascript'; if (script.readyState){script.onreadystatechange=function(){if (script.readyState=='loaded' || script.readyState=='complete'){script.onreadystatechange=null; callback();}};}else{script.onload=function(){callback();};}script.src=url; document.getElementsByTagName('head')[0].appendChild(script);}loadScript('https:\/\/www.civitatis.com\/f\/js\/vendor\/iframeResizer.min.js', function(){iFrameResize({checkOrigin:false,initCallback:function(iframe){setTimeout(function(){var resizeEvent = window.document.createEvent('UIEvents'); resizeEvent.initUIEvent('resize', true, false, window, 0); iframe.dispatchEvent(resizeEvent);});}})})<\/script><iframe class='civitatis-iframe' src='https:\/\/www.civitatis.com\/widget-activities\/?agencyId=47063&#038;agencyUserId=51488&#038;display=aside&#038;cant=3&#038;lang=es&#038;currency=EUR&#038;destination=17&#038;activities=366,3423,30&#038;transfer=0&#038;cmp=W_LxTorreBelem_ES2&#038;width=100%&#038;hideButton=0&#038;centerContent=1&#038;typeSelection=manual&#038;color=f70759&#038;typography=Montserrat&#038;removeBackground=1&#038;showShadow=1&#038;roundedButtons=1' width='100%'  frameborder='0' data-maxwidth='100%' style='max-width: 100%'><\/iframe><\/div>\n<ol><strong>Ver tambi\u00e9n<\/strong><\/p>\n<li><a href=\"https:\/\/fernandolopes.pt\/es\/horarios-precos-monumentos-museus-lisboa\/\">Monumentos y Museos en Lisboa<\/a><\/li>\n<li><a href=\"https:\/\/fernandolopes.pt\/es\/atracoes-atividades-lisboa\/\">Atracciones en Lisboa<\/a><\/li>\n<li><a href=\"https:\/\/fernandolopes.pt\/es\/horarios-precos-monumentos-museus-sintra\/\">Monumentos y Museos en Sintra<\/a><\/li>\n<\/ol>\n<h2>Tours con inicio y final en Lisboa<\/h2>\n<div data-tiqets-widget=\"discovery\" data-cards-layout=\"responsive\" data-slug-ids=\"pro1032045,pro1027879,pro1099703\" data-language=\"es\" data-partner=\"fernando_lopes_agencia_viagens\" data-tq-campaign=\"LxTorreBelem3es\"><\/div>\n<p><script defer src=\"https:\/\/widgets.tiqets.com\/loader.js\"><\/script><\/p>\n<ol><strong>Ver m\u00e1s destinos<\/strong><\/p>\n<li><a href=\"https:\/\/fernandolopes.pt\/es\/horarios-precos-monumentos-museus-portugal\/\">Monumentos y Museos en Portugal<\/a><\/li>\n<li><a href=\"https:\/\/fernandolopes.pt\/es\/monumentos-museus-europa\/\">Monumentos y Museos en Europa<\/a><\/li>\n<li><a href=\"https:\/\/fernandolopes.pt\/es\/monumentos-atracoes-actividades-america-norte\/\">Monumentos y Atracciones en Am\u00e9rica del Norte<\/a><\/li>\n<li><a href=\"https:\/\/fernandolopes.pt\/es\/monumentos-atracoes-actividades-america-central\/\">Monumentos y Atracciones en Centroam\u00e9rica<\/a><\/li>\n<li><a href=\"https:\/\/fernandolopes.pt\/es\/monumentos-atracoes-actividades-america-sul\/\">Monumentos y Atracciones en Am\u00e9rica del Sur<\/a><\/li>\n<li><a href=\"https:\/\/fernandolopes.pt\/es\/atracoes-actividades-oceania\/\">Monumentos y Atracciones en Ocean\u00eda<\/a><\/li>\n<li><a href=\"https:\/\/fernandolopes.pt\/es\/monumentos-atracoes-actividades-asia\/\">Monumentos y Atracciones en Asia<\/a><\/li>\n<li><a href=\"https:\/\/fernandolopes.pt\/es\/atracoes-actividades-africa\/\">Monumentos y Atracciones en \u00c1frica<\/a><\/li>\n<\/ol>\n<h3>Agencia de Turismo en Lisboa que opera en Portugal<\/h3>\n<p>Inscripci\u00f3n en el <a href=\"https:\/\/www.visitportugal.com\/es\/node\/314085\" target=\"_blank\" rel=\"noopener\">Turismo de Portugal<\/a><br \/>\n<strong>R.N.A.V.T. :<\/strong> 5266<\/p>\n<p><strong>Correo: <\/strong><a href=\"mailto:info@fernandolopes.pt\">info@fernandolopes.pt<\/a><\/p>\n<p><strong>M\u00f3vil: <\/strong> <a href=\"tel:00351969550167\">+351 969 550 167<\/a><\/p>\n<p><strong>Tel\u00e9fono: <\/strong><a href=\"tel:00351211315522\">+351 211 315 522<\/a><\/p>\n<p><strong>Whatsapp: <\/strong><a href=\"whatsapp:\/\/send?text=Holla&#038;phone=+351969550167&#038;abid=+351969550167\">+351 969 550 167<\/a><\/p>\n<p><\/p>","protected":false},"excerpt":{"rendered":"<p>La Torre de Bel\u00e9m permanecer\u00e1 cerrada al p\u00fablico por obras de renovaci\u00f3n durante lo que resta de 2025. Horarios de la Torre de Bel\u00e9m Martes a Domingo das 09:30 as 17:30. Cerrado: Lunes y 25 Diciembre, 1 Enero, Domingo de Pascua, 1 Mayo y 13 Junio. Precios de entradas 25 a 64 a\u00f1os : 15,00 &hellip; <a href=\"https:\/\/fernandolopes.pt\/es\/horarios-precos-torre-belem-lisboa\/\" class=\"more-link\">Sigue leyendo <span class=\"screen-reader-text\">Horarios, precios y boletos de la Torre de Bel\u00e9m<\/span><\/a><\/p>\n","protected":false},"author":2,"featured_media":0,"comment_status":"closed","ping_status":"closed","sticky":false,"template":"","format":"standard","meta":{"footnotes":""},"categories":[20],"tags":[],"class_list":["post-2317","post","type-post","status-publish","format-standard","hentry","category-monumentos-atracoes-lisboa"],"_links":{"self":[{"href":"https:\/\/fernandolopes.pt\/es\/wp-json\/wp\/v2\/posts\/2317","targetHints":{"allow":["GET"]}}],"collection":[{"href":"https:\/\/fernandolopes.pt\/es\/wp-json\/wp\/v2\/posts"}],"about":[{"href":"https:\/\/fernandolopes.pt\/es\/wp-json\/wp\/v2\/types\/post"}],"author":[{"embeddable":true,"href":"https:\/\/fernandolopes.pt\/es\/wp-json\/wp\/v2\/users\/2"}],"replies":[{"embeddable":true,"href":"https:\/\/fernandolopes.pt\/es\/wp-json\/wp\/v2\/comments?post=2317"}],"version-history":[{"count":0,"href":"https:\/\/fernandolopes.pt\/es\/wp-json\/wp\/v2\/posts\/2317\/revisions"}],"wp:attachment":[{"href":"https:\/\/fernandolopes.pt\/es\/wp-json\/wp\/v2\/media?parent=2317"}],"wp:term":[{"taxonomy":"category","embeddable":true,"href":"https:\/\/fernandolopes.pt\/es\/wp-json\/wp\/v2\/categories?post=2317"},{"taxonomy":"post_tag","embeddable":true,"href":"https:\/\/fernandolopes.pt\/es\/wp-json\/wp\/v2\/tags?post=2317"}],"curies":[{"name":"wp","href":"https:\/\/api.w.org\/{rel}","templated":true}]}}