{"id":3244,"date":"2024-02-05T01:00:57","date_gmt":"2024-02-05T01:00:57","guid":{"rendered":"https:\/\/fernandolopes.pt\/?p=3244"},"modified":"2025-09-07T13:13:53","modified_gmt":"2025-09-07T12:13:53","slug":"horarios-precos-historia-pastelaria-belem","status":"publish","type":"post","link":"https:\/\/fernandolopes.pt\/es\/horarios-precos-historia-pastelaria-belem\/","title":{"rendered":"Horarios, precios y historia del Pastelaria de Bel\u00e9n"},"content":{"rendered":"<p><div id='gallery-2' class='gallery galleryid-3244 gallery-columns-3 gallery-size-thumbnail'><figure class='gallery-item'>\n\t\t\t<div class='gallery-icon landscape'>\n\t\t\t\t<img loading=\"lazy\" decoding=\"async\" width=\"150\" height=\"150\" src=\"https:\/\/fernandolopes.pt\/wp-content\/uploads\/pastelaria-de-belem-150x150.jpg\" class=\"attachment-thumbnail size-thumbnail\" alt=\"Pasteler\u00eda de Belem\" aria-describedby=\"gallery-2-8640\" \/>\n\t\t\t<\/div>\n\t\t\t\t<figcaption class='wp-caption-text gallery-caption' id='gallery-2-8640'>\n\t\t\t\tPasteler\u00eda de Belem\n\t\t\t\t<\/figcaption><\/figure><figure class='gallery-item'>\n\t\t\t<div class='gallery-icon landscape'>\n\t\t\t\t<img loading=\"lazy\" decoding=\"async\" width=\"150\" height=\"150\" src=\"https:\/\/fernandolopes.pt\/wp-content\/uploads\/pastel-de-Belem-150x150.jpg\" class=\"attachment-thumbnail size-thumbnail\" alt=\"Pastel de Belem - tarta de creme\" aria-describedby=\"gallery-2-8645\" \/>\n\t\t\t<\/div>\n\t\t\t\t<figcaption class='wp-caption-text gallery-caption' id='gallery-2-8645'>\n\t\t\t\tPastel de Belem &#8211; tarta de creme\n\t\t\t\t<\/figcaption><\/figure><figure class='gallery-item'>\n\t\t\t<div class='gallery-icon landscape'>\n\t\t\t\t<img loading=\"lazy\" decoding=\"async\" width=\"150\" height=\"150\" src=\"https:\/\/fernandolopes.pt\/wp-content\/uploads\/pastelaria-belem-interior-150x150.jpg\" class=\"attachment-thumbnail size-thumbnail\" alt=\"Pastelaria de Belem interior\" aria-describedby=\"gallery-2-8646\" \/>\n\t\t\t<\/div>\n\t\t\t\t<figcaption class='wp-caption-text gallery-caption' id='gallery-2-8646'>\n\t\t\t\tPastelaria de Belem interior\n\t\t\t\t<\/figcaption><\/figure><figure class='gallery-item'>\n\t\t\t<div class='gallery-icon landscape'>\n\t\t\t\t<img loading=\"lazy\" decoding=\"async\" width=\"150\" height=\"150\" src=\"https:\/\/fernandolopes.pt\/wp-content\/uploads\/azulejos-150x150.jpg\" class=\"attachment-thumbnail size-thumbnail\" alt=\"Panel de azulejos\" aria-describedby=\"gallery-2-8647\" \/>\n\t\t\t<\/div>\n\t\t\t\t<figcaption class='wp-caption-text gallery-caption' id='gallery-2-8647'>\n\t\t\t\tPanel de azulejos\n\t\t\t\t<\/figcaption><\/figure><figure class='gallery-item'>\n\t\t\t<div class='gallery-icon landscape'>\n\t\t\t\t<img loading=\"lazy\" decoding=\"async\" width=\"150\" height=\"150\" src=\"https:\/\/fernandolopes.pt\/wp-content\/uploads\/loica-150x150.jpg\" class=\"attachment-thumbnail size-thumbnail\" alt=\"Lavabo\" aria-describedby=\"gallery-2-8648\" \/>\n\t\t\t<\/div>\n\t\t\t\t<figcaption class='wp-caption-text gallery-caption' id='gallery-2-8648'>\n\t\t\t\tLavabo\n\t\t\t\t<\/figcaption><\/figure><figure class='gallery-item'>\n\t\t\t<div class='gallery-icon landscape'>\n\t\t\t\t<img loading=\"lazy\" decoding=\"async\" width=\"150\" height=\"150\" src=\"https:\/\/fernandolopes.pt\/wp-content\/uploads\/painel-de-azulezos-150x150.jpg\" class=\"attachment-thumbnail size-thumbnail\" alt=\"Panel de azulejos\" aria-describedby=\"gallery-2-8649\" \/>\n\t\t\t<\/div>\n\t\t\t\t<figcaption class='wp-caption-text gallery-caption' id='gallery-2-8649'>\n\t\t\t\tPanel de azulejos\n\t\t\t\t<\/figcaption><\/figure>\n\t\t<\/div>\n<\/p>\n<p><strong>Ubicaci\u00f3n:<\/strong> Rua de Bel\u00e9m n\u00ba 84 a 92. 1300\u2013085 Lisboa.<\/p>\n<h2>Horarios del Pastelaria de Bel\u00e9n<\/h2>\n<ol><strong>Abierto todos los dias<\/strong><br \/>\n08:00 a 21:00<\/ol>\n<ol>Los d\u00edas 24, 25, 31 de diciembre y 1 de enero cierra a las 19:00.<\/ol>\n<h2>Precios del Pastel de Bel\u00e9n<\/h2>\n<p> 1,50 Euros<\/p>\n<h2>Historia de la Pastelaria de Bel\u00e9n<\/h2>\n<p>Desde 1837.<br \/>\n En el inicio del siglo 19, en Bel\u00e9m, cerca del Monasterio de los dos Jer\u00f3nimos funcionaba una refiner\u00eda de ca\u00f1a de az\u00facar asociada a una peque\u00f1a tienda de comercio variado.<br \/>\n Como consecuencia de la Revoluci\u00f3n Liberal ocurrida en 1820, todos los conventos de Portugal se cerraron en 1834, expulsando a todos los trabajadores y el Clero. En una tentativa de supervivencia, alguien del Monasterio puso a la venta, en aquella peque\u00f1a tienda de comercio, unos pasteles llamados \u201cPast\u00e9is de Bel\u00e9m\u201d.<br \/>\n En aquella \u00e9poca, la zona de Bel\u00e9m, quedaba lejos de la ciudad de Lisboa y el recorrido era asegurado por los barcos a vapor que llegaban a esa zona. A\u00fan as\u00ed, la imponencia del Monasterio de los dos Jer\u00f3nimos e de la Torre de Bel\u00e9m atra\u00edan a los visitantes, que en seguida se acostumbraban a saborear los deliciosos pasteles originarios del Monasterio.<br \/>\n En 1837 se dio inicio a la fabricaci\u00f3n de los \u201cPast\u00e9is de Bel\u00e9m\u201d en las instalaciones anexas a la refiner\u00eda seg\u00fan la antigua \u201creceta secreta\u201d originaria del Monasterio. Desde entonces, esta receta es transmitida y conocida exclusivamente por los maestros pasteleros que los fabrican de modo artesanal en el \u201cTaller del Secreto\u201d. Esta receta se mantiene inalterable hasta hoy en d\u00eda.<br \/>\nFonte: https:\/\/pasteisdebelem.pt\/es\/history\/<\/p>\n<h2>Paseos en Bel\u00e9n<\/h2>\n<div style='text-align:center;'><script>function loadScript(url, callback){var script=document.createElement('script'); script.type='text\/javascript'; if (script.readyState){script.onreadystatechange=function(){if (script.readyState=='loaded' || script.readyState=='complete'){script.onreadystatechange=null; callback();}};}else{script.onload=function(){callback();};}script.src=url; document.getElementsByTagName('head')[0].appendChild(script);}loadScript('https:\/\/www.civitatis.com\/f\/js\/vendor\/iframeResizer.min.js', function(){iFrameResize({checkOrigin:false,initCallback:function(iframe){setTimeout(function(){var resizeEvent = window.document.createEvent('UIEvents'); resizeEvent.initUIEvent('resize', true, false, window, 0); iframe.dispatchEvent(resizeEvent);});}})})<\/script><iframe class='civitatis-iframe' src='https:\/\/www.civitatis.com\/widget-activities\/?agencyId=47063&#038;agencyUserId=51488&#038;display=aside&#038;cant=3&#038;lang=es&#038;currency=EUR&#038;destination=17&#038;activities=28298,32722,4697&#038;transfer=0&#038;cmp=W_LxBelemPastel_ES1&#038;width=100%&#038;hideButton=1&#038;centerContent=1&#038;typeSelection=manual&#038;color=f70759&#038;typography=Montserrat&#038;removeBackground=1&#038;showShadow=1&#038;roundedButtons=1' width='100%'  frameborder='0' data-maxwidth='100%' style='max-width: 100%'><\/iframe><\/div>\n<h2>Paseos en Lisboa<\/h2>\n<div style='text-align:center;'><script>function loadScript(url, callback){var script=document.createElement('script'); script.type='text\/javascript'; if (script.readyState){script.onreadystatechange=function(){if (script.readyState=='loaded' || script.readyState=='complete'){script.onreadystatechange=null; callback();}};}else{script.onload=function(){callback();};}script.src=url; document.getElementsByTagName('head')[0].appendChild(script);}loadScript('https:\/\/www.civitatis.com\/f\/js\/vendor\/iframeResizer.min.js', function(){iFrameResize({checkOrigin:false,initCallback:function(iframe){setTimeout(function(){var resizeEvent = window.document.createEvent('UIEvents'); resizeEvent.initUIEvent('resize', true, false, window, 0); iframe.dispatchEvent(resizeEvent);});}})})<\/script><iframe class='civitatis-iframe' src='https:\/\/www.civitatis.com\/widget-activities\/?agencyId=47063&#038;agencyUserId=51488&#038;display=aside&#038;cant=3&#038;lang=es&#038;currency=EUR&#038;destination=17&#038;activities=366,3423,30&#038;transfer=0&#038;cmp=W_LxBelemPastel_ES2&#038;width=100%&#038;hideButton=0&#038;centerContent=1&#038;typeSelection=manual&#038;color=f70759&#038;typography=Montserrat&#038;removeBackground=1&#038;showShadow=1&#038;roundedButtons=1' width='100%'  frameborder='0' data-maxwidth='100%' style='max-width: 100%'><\/iframe><\/div>\n<ol><strong>Ver tambi\u00e9n<\/strong><\/p>\n<li><a href=\"https:\/\/fernandolopes.pt\/es\/horarios-precos-monumentos-museus-lisboa\/\">Monumentos y Museos en Lisboa<\/a><\/li>\n<li><a href=\"https:\/\/fernandolopes.pt\/es\/atracoes-atividades-lisboa\/\">Atracciones en Lisboa<\/a><\/li>\n<li><a href=\"https:\/\/fernandolopes.pt\/es\/horarios-precos-monumentos-museus-sintra\/\">Monumentos y Museos en Sintra<\/a><\/li>\n<\/ol>\n<h2>Espect\u00e1culos de Fado en Lisboa<\/h2>\n<div style='text-align:center;'><script>function loadScript(url, callback){var script=document.createElement('script'); script.type='text\/javascript'; if (script.readyState){script.onreadystatechange=function(){if (script.readyState=='loaded' || script.readyState=='complete'){script.onreadystatechange=null; callback();}};}else{script.onload=function(){callback();};}script.src=url; document.getElementsByTagName('head')[0].appendChild(script);}loadScript('https:\/\/www.civitatis.com\/f\/js\/vendor\/iframeResizer.min.js', function(){iFrameResize({checkOrigin:false,initCallback:function(iframe){setTimeout(function(){var resizeEvent = window.document.createEvent('UIEvents'); resizeEvent.initUIEvent('resize', true, false, window, 0); iframe.dispatchEvent(resizeEvent);});}})})<\/script><iframe class='civitatis-iframe' src='https:\/\/www.civitatis.com\/widget-activities\/?agencyId=47063&#038;agencyUserId=51488&#038;display=aside&#038;cant=6&#038;lang=es&#038;currency=EUR&#038;destination=17&#038;activities=155772,155859,21202&#038;transfer=0&#038;cmp=W_LxBelemPastel_ES3&#038;width=100%&#038;hideButton=0&#038;centerContent=1&#038;typeSelection=manual&#038;color=f70759&#038;typography=Montserrat&#038;removeBackground=1&#038;showShadow=1&#038;roundedButtons=1' width='100%'  frameborder='0' data-maxwidth='100%' style='max-width: 100%'><\/iframe><\/div>\n<h2>Tours que comienzan y terminan en Lisboa<\/h2>\n<div style='text-align:center;'><script>function loadScript(url, callback){var script=document.createElement('script'); script.type='text\/javascript'; if (script.readyState){script.onreadystatechange=function(){if (script.readyState=='loaded' || script.readyState=='complete'){script.onreadystatechange=null; callback();}};}else{script.onload=function(){callback();};}script.src=url; document.getElementsByTagName('head')[0].appendChild(script);}loadScript('https:\/\/www.civitatis.com\/f\/js\/vendor\/iframeResizer.min.js', function(){iFrameResize({checkOrigin:false,initCallback:function(iframe){setTimeout(function(){var resizeEvent = window.document.createEvent('UIEvents'); resizeEvent.initUIEvent('resize', true, false, window, 0); iframe.dispatchEvent(resizeEvent);});}})})<\/script><iframe class='civitatis-iframe' src='https:\/\/www.civitatis.com\/widget-activities\/?agencyId=47063&#038;agencyUserId=51488&#038;display=aside&#038;cant=6&#038;lang=es&#038;currency=EUR&#038;destination=17&#038;category=2&#038;transfer=0&#038;cmp=W_LxBelemPastel_ES4&#038;width=100%&#038;hideButton=0&#038;centerContent=1&#038;typeSelection=category&#038;color=f70759&#038;typography=Montserrat&#038;removeBackground=1&#038;showShadow=1&#038;roundedButtons=1' width='100%'  frameborder='0' data-maxwidth='100%' style='max-width: 100%'><\/iframe><\/div>\n<ol><strong>Ver m\u00e1s destinos<\/strong><\/p>\n<li><a href=\"https:\/\/fernandolopes.pt\/es\/horarios-precos-monumentos-museus-portugal\/\">Monumentos y Museos en Portugal<\/a><\/li>\n<li><a href=\"https:\/\/fernandolopes.pt\/es\/monumentos-museus-europa\/\">Monumentos y Museos en Europa<\/a><\/li>\n<li><a href=\"https:\/\/fernandolopes.pt\/es\/monumentos-atracoes-actividades-america-norte\/\">Monumentos y Atracciones en Am\u00e9rica del Norte<\/a><\/li>\n<li><a href=\"https:\/\/fernandolopes.pt\/es\/monumentos-atracoes-actividades-america-central\/\">Monumentos y Atracciones en Centroam\u00e9rica<\/a><\/li>\n<li><a href=\"https:\/\/fernandolopes.pt\/es\/monumentos-atracoes-actividades-america-sul\/\">Monumentos y Atracciones en Am\u00e9rica del Sur<\/a><\/li>\n<li><a href=\"https:\/\/fernandolopes.pt\/es\/atracoes-actividades-oceania\/\">Monumentos y Atracciones en Ocean\u00eda<\/a><\/li>\n<li><a href=\"https:\/\/fernandolopes.pt\/es\/monumentos-atracoes-actividades-asia\/\">Monumentos y Atracciones en Asia<\/a><\/li>\n<li><a href=\"https:\/\/fernandolopes.pt\/es\/atracoes-actividades-africa\/\">Monumentos y Atracciones en \u00c1frica<\/a><\/li>\n<\/ol>\n<h3>Agencia de Turismo en Lisboa que opera en Portugal<\/h3>\n<p>Inscripci\u00f3n en el <a href=\"https:\/\/www.visitportugal.com\/es\/node\/314085\" target=\"_blank\" rel=\"noopener\">Turismo de Portugal<\/a><br \/>\n<strong>R.N.A.V.T. :<\/strong> 5266<\/p>\n<p><strong>Correo: <\/strong><a href=\"mailto:info@fernandolopes.pt\">info@fernandolopes.pt<\/a><\/p>\n<p><strong>M\u00f3vil: <\/strong><a href=\"tel:00351969550167\">+351 969 550 167<\/a><\/p>\n<p><strong>Tel\u00e9fono: <\/strong><a href=\"tel:00351211315522\">+351 211 315 522<\/a><\/p>\n<p><strong>Whatsapp: <\/strong><a href=\"whatsapp:\/\/send?text=Holla&#038;phone=+351969550167&#038;abid=+351969550167\">+351 969 550 167<\/a><\/p>\n<p><\/p>","protected":false},"excerpt":{"rendered":"<p>Ubicaci\u00f3n: Rua de Bel\u00e9m n\u00ba 84 a 92. 1300\u2013085 Lisboa. Horarios del Pastelaria de Bel\u00e9n Abierto todos los dias 08:00 a 21:00 Los d\u00edas 24, 25, 31 de diciembre y 1 de enero cierra a las 19:00. Precios del Pastel de Bel\u00e9n 1,50 Euros Historia de la Pastelaria de Bel\u00e9n Desde 1837. En el inicio &hellip; <a href=\"https:\/\/fernandolopes.pt\/es\/horarios-precos-historia-pastelaria-belem\/\" class=\"more-link\">Sigue leyendo <span class=\"screen-reader-text\">Horarios, precios y historia del Pastelaria de Bel\u00e9n<\/span><\/a><\/p>\n","protected":false},"author":2,"featured_media":0,"comment_status":"closed","ping_status":"closed","sticky":false,"template":"","format":"standard","meta":{"footnotes":""},"categories":[20],"tags":[],"class_list":["post-3244","post","type-post","status-publish","format-standard","hentry","category-monumentos-atracoes-lisboa"],"_links":{"self":[{"href":"https:\/\/fernandolopes.pt\/es\/wp-json\/wp\/v2\/posts\/3244","targetHints":{"allow":["GET"]}}],"collection":[{"href":"https:\/\/fernandolopes.pt\/es\/wp-json\/wp\/v2\/posts"}],"about":[{"href":"https:\/\/fernandolopes.pt\/es\/wp-json\/wp\/v2\/types\/post"}],"author":[{"embeddable":true,"href":"https:\/\/fernandolopes.pt\/es\/wp-json\/wp\/v2\/users\/2"}],"replies":[{"embeddable":true,"href":"https:\/\/fernandolopes.pt\/es\/wp-json\/wp\/v2\/comments?post=3244"}],"version-history":[{"count":0,"href":"https:\/\/fernandolopes.pt\/es\/wp-json\/wp\/v2\/posts\/3244\/revisions"}],"wp:attachment":[{"href":"https:\/\/fernandolopes.pt\/es\/wp-json\/wp\/v2\/media?parent=3244"}],"wp:term":[{"taxonomy":"category","embeddable":true,"href":"https:\/\/fernandolopes.pt\/es\/wp-json\/wp\/v2\/categories?post=3244"},{"taxonomy":"post_tag","embeddable":true,"href":"https:\/\/fernandolopes.pt\/es\/wp-json\/wp\/v2\/tags?post=3244"}],"curies":[{"name":"wp","href":"https:\/\/api.w.org\/{rel}","templated":true}]}}