{"id":3893,"date":"2025-08-23T20:00:30","date_gmt":"2025-08-23T19:00:30","guid":{"rendered":"https:\/\/fernandolopes.pt\/?p=3893"},"modified":"2025-09-11T23:37:03","modified_gmt":"2025-09-11T22:37:03","slug":"horarios-precos-catedral-porto","status":"publish","type":"post","link":"https:\/\/fernandolopes.pt\/es\/horarios-precos-catedral-porto\/","title":{"rendered":"Horarios, precios y entradas del Catedral del Oporto"},"content":{"rendered":"<p><div id='gallery-2' class='gallery galleryid-3893 gallery-columns-3 gallery-size-thumbnail'><figure class='gallery-item'>\n\t\t\t<div class='gallery-icon landscape'>\n\t\t\t\t<img loading=\"lazy\" decoding=\"async\" width=\"150\" height=\"150\" src=\"https:\/\/fernandolopes.pt\/wp-content\/uploads\/Catedral-Porto-150x150.jpg\" class=\"attachment-thumbnail size-thumbnail\" alt=\"Catedral de Oporto\" aria-describedby=\"gallery-2-8781\" \/>\n\t\t\t<\/div>\n\t\t\t\t<figcaption class='wp-caption-text gallery-caption' id='gallery-2-8781'>\n\t\t\t\tOporto Catedral\n\t\t\t\t<\/figcaption><\/figure><figure class='gallery-item'>\n\t\t\t<div class='gallery-icon landscape'>\n\t\t\t\t<img loading=\"lazy\" decoding=\"async\" width=\"150\" height=\"150\" src=\"https:\/\/fernandolopes.pt\/wp-content\/uploads\/Catedral-porto-lateral-150x150.jpg\" class=\"attachment-thumbnail size-thumbnail\" alt=\"Lado de la Catedral de Oporto\" aria-describedby=\"gallery-2-8944\" \/>\n\t\t\t<\/div>\n\t\t\t\t<figcaption class='wp-caption-text gallery-caption' id='gallery-2-8944'>\n\t\t\t\tLa Catedral\n\t\t\t\t<\/figcaption><\/figure>\n\t\t<\/div>\n<\/p>\n<h2>Horarios del Catedral del Oporto<\/h2>\n<ol><strong>Abril a Octubre<\/strong> Lunes a Domingo de 09:00 asta 18:30.<br \/>\nLa Torre se cierra a 18:00.<\/ol>\n<ol><strong>Noviembre a Marzo<\/strong> Lunes a Domingo de 09:00 asta 17:30.<br \/>\nLa Torre se cierra a 17:00<\/ol>\n<ol><strong>Close:<\/strong> Pascua y Navidad<\/ol>\n<h2>Precios de entradas<\/h2>\n<ul>\n<li>11 o + a\u00f1os : 3 euros.<\/li>\n<li>+ de 10 personas o carn\u00e9 de estudiante o <a href=\"https:\/\/www.civitatis.com\/es\/oporto\/porto-card\/?ag_aid=47063&#038;ag_cmp=linkPCseportoes\" rel=\"nofollow noopener sponsored\" target=\"_blank\">\u00abPorto Card\u00bb<\/a> : 2 euros<\/li>\n<p>&#8211; Hasta 10 a\u00f1os : gratis.<\/p>\n<li><a href=\"https:\/\/www.tiqets.com\/es\/atracciones-oporto-c76573\/entradas-para-catedral-de-oporto-p1014937\/?partner=fernando_lopes_agencia_viagens&#038;tq_campaign=TQportocatedralES1\" target=\"_blank\" rel=\"nofollow noopener sponsored\" style=\"color:#db0000\"><strong>Entradas Catedral de Oporto<\/strong><\/a><\/li>\n<li><a href=\"https:\/\/www.civitatis.com\/es\/oporto\/visita-guiada-catedral-oporto\/?ag_aid=47063&#038;ag_cmp=TKportocatedralVisitaGuiadaES2\" rel=\"nofollow noopener sponsored\" target=\"_blank\" style=\"color:#f70759\"><strong>Visita guiada por la catedral de Oporto<\/strong><\/a><\/li>\n<\/ul>\n<p><strong>Morada:<\/strong> Terreiro da S\u00e9, 4050-573 Oporto.<\/p>\n<h2>Hist\u00f3ria del Catedral del Oporto<\/h2>\n<p> La Catedral de Oporto a\u00fan conserva vestigios del primitivo edificio rom\u00e1nico construido entre la primera mitad del siglo 12 y principios del siglo 13. Destaca el aspecto de iglesia-fortaleza, con dos torres y el bello roset\u00f3n de la fachada principal. Sufri\u00f3 modificaciones en las \u00e9pocas manierista y barroca. El claustro g\u00f3tico data de la \u00e9poca de Don Jo\u00e3o 1\u00ba, el rey que celebr\u00f3 su boda en esta catedral.<\/p>\n<h2>Tours y Actividades en Oporto<\/h2>\n<div style='text-align:center;'><script>function loadScript(url, callback){var script=document.createElement('script'); script.type='text\/javascript'; if (script.readyState){script.onreadystatechange=function(){if (script.readyState=='loaded' || script.readyState=='complete'){script.onreadystatechange=null; callback();}};}else{script.onload=function(){callback();};}script.src=url; document.getElementsByTagName('head')[0].appendChild(script);}loadScript('https:\/\/www.civitatis.com\/f\/js\/vendor\/iframeResizer.min.js', function(){iFrameResize({checkOrigin:false,initCallback:function(iframe){setTimeout(function(){var resizeEvent = window.document.createEvent('UIEvents'); resizeEvent.initUIEvent('resize', true, false, window, 0); iframe.dispatchEvent(resizeEvent);});}})})<\/script><iframe class='civitatis-iframe' src='https:\/\/www.civitatis.com\/widget-activities\/?agencyId=47063&#038;agencyUserId=51488&#038;display=aside&#038;cant=3&#038;lang=es&#038;currency=EUR&#038;destination=25&#038;category=1&#038;transfer=0&#038;cmp=W_PortoCatedral_ES1&#038;width=100%&#038;hideButton=0&#038;centerContent=1&#038;typeSelection=category&#038;color=f70759&#038;typography=Montserrat&#038;removeBackground=1&#038;showShadow=1&#038;roundedButtons=1' width='100%'  frameborder='0' data-maxwidth='100%' style='max-width: 100%'><\/iframe><\/div>\n<h2>Espect\u00e1culos de fado en Oporto<\/h2>\n<div style='text-align:center;'><script>function loadScript(url, callback){var script=document.createElement('script'); script.type='text\/javascript'; if (script.readyState){script.onreadystatechange=function(){if (script.readyState=='loaded' || script.readyState=='complete'){script.onreadystatechange=null; callback();}};}else{script.onload=function(){callback();};}script.src=url; document.getElementsByTagName('head')[0].appendChild(script);}loadScript('https:\/\/www.civitatis.com\/f\/js\/vendor\/iframeResizer.min.js', function(){iFrameResize({checkOrigin:false,initCallback:function(iframe){setTimeout(function(){var resizeEvent = window.document.createEvent('UIEvents'); resizeEvent.initUIEvent('resize', true, false, window, 0); iframe.dispatchEvent(resizeEvent);});}})})<\/script><iframe class='civitatis-iframe' src='https:\/\/www.civitatis.com\/widget-activities\/?agencyId=47063&#038;agencyUserId=51488&#038;display=aside&#038;cant=3&#038;lang=es&#038;currency=EUR&#038;destination=25&#038;category=6&#038;transfer=0&#038;cmp=W_PortoCatedral_ES2&#038;width=100%&#038;hideButton=1&#038;centerContent=1&#038;typeSelection=category&#038;color=f70759&#038;typography=Montserrat&#038;removeBackground=1&#038;showShadow=1&#038;roundedButtons=1' width='100%'  frameborder='0' data-maxwidth='100%' style='max-width: 100%'><\/iframe><\/div>\n<h2>Excursiones de un d\u00eda en Oporto<\/h2>\n<div style='text-align:center;'><script>function loadScript(url, callback){var script=document.createElement('script'); script.type='text\/javascript'; if (script.readyState){script.onreadystatechange=function(){if (script.readyState=='loaded' || script.readyState=='complete'){script.onreadystatechange=null; callback();}};}else{script.onload=function(){callback();};}script.src=url; document.getElementsByTagName('head')[0].appendChild(script);}loadScript('https:\/\/www.civitatis.com\/f\/js\/vendor\/iframeResizer.min.js', function(){iFrameResize({checkOrigin:false,initCallback:function(iframe){setTimeout(function(){var resizeEvent = window.document.createEvent('UIEvents'); resizeEvent.initUIEvent('resize', true, false, window, 0); iframe.dispatchEvent(resizeEvent);});}})})<\/script><iframe class='civitatis-iframe' src='https:\/\/www.civitatis.com\/widget-activities\/?agencyId=47063&#038;agencyUserId=51488&#038;display=aside&#038;cant=3&#038;lang=es&#038;currency=EUR&#038;destination=25&#038;category=2&#038;transfer=0&#038;cmp=W_PortoCatedral_ES3&#038;width=100%&#038;hideButton=0&#038;centerContent=1&#038;typeSelection=category&#038;color=f70759&#038;typography=Montserrat&#038;removeBackground=1&#038;showShadow=1&#038;roundedButtons=1' width='100%'  frameborder='0' data-maxwidth='100%' style='max-width: 100%'><\/iframe><\/div>\n<ol><strong>Ver tambi\u00e9n<\/strong><\/p>\n<li><a href=\"https:\/\/fernandolopes.pt\/es\/horarios-precos-monumentos-museus-porto\/\">Monumentos y Museos en Oporto<\/a><\/li>\n<li><a href=\"https:\/\/fernandolopes.pt\/es\/monumentos-museus-fatima\/\">Monumentos y Museos en Fatima<\/a><\/li>\n<li><a href=\"https:\/\/fernandolopes.pt\/es\/monumentos-museus-santiago-compostela\/\">Monumentos y Museos en Santiago de Compostela<\/a><\/li>\n<\/ol>\n<ol><strong>Ver m\u00e1s destinos<\/strong><\/p>\n<li><a href=\"https:\/\/fernandolopes.pt\/es\/horarios-precos-monumentos-museus-portugal\/\">Monumentos y Museos en Portugal<\/a><\/li>\n<li><a href=\"https:\/\/fernandolopes.pt\/es\/monumentos-museus-europa\/\">Monumentos y Museos en Europa<\/a><\/li>\n<li><a href=\"https:\/\/fernandolopes.pt\/es\/monumentos-atracoes-actividades-america-norte\/\">Monumentos y Atracciones en Am\u00e9rica del Norte<\/a><\/li>\n<li><a href=\"https:\/\/fernandolopes.pt\/es\/monumentos-atracoes-actividades-america-central\/\">Monumentos y Atracciones en Centroam\u00e9rica<\/a><\/li>\n<li><a href=\"https:\/\/fernandolopes.pt\/es\/monumentos-atracoes-actividades-america-sul\/\">Monumentos y Atracciones en Am\u00e9rica del Sur<\/a><\/li>\n<li><a href=\"https:\/\/fernandolopes.pt\/es\/atracoes-actividades-oceania\/\">Monumentos y Atraccioness en Ocean\u00eda<\/a><\/li>\n<li><a href=\"https:\/\/fernandolopes.pt\/es\/monumentos-atracoes-actividades-asia\/\">Monumentos y Atracciones en Asia<\/a><\/li>\n<li><a href=\"https:\/\/fernandolopes.pt\/es\/atracoes-actividades-africa\/\">Monumentos y Atracciones en \u00c1frica<\/a><\/li>\n<\/ol>\n<h3>Agencia de Turismo en Lisboa que opera en Portugal<\/h3>\n<p>Inscripci\u00f3n en el <a href=\"https:\/\/www.visitportugal.com\/es\/node\/314085\" target=\"_blank\" rel=\"noopener\">Turismo de Portugal<\/a><br \/>\n<strong>R.N.A.V.T. :<\/strong> 5266<\/p>\n<p><strong>Correo: <\/strong><a href=\"mailto:info@fernandolopes.pt\">info@fernandolopes.pt<\/a><\/p>\n<p><strong>M\u00f3vil: <\/strong><a href=\"tel:00351969550167\">+351 969 550 167<\/a><\/p>\n<p><strong>Tel\u00e9fono: <\/strong><a href=\"tel:00351211315522\">+351 211 315 522<\/a><\/p>\n<p><strong>Whatsapp: <\/strong><a href=\"whatsapp:\/\/send?text=Holla&#038;phone=+351969550167&#038;abid=+351969550167\">+351 969 550 167<\/a><\/p>\n<p><\/p>","protected":false},"excerpt":{"rendered":"<p>Horarios del Catedral del Oporto Abril a Octubre Lunes a Domingo de 09:00 asta 18:30. La Torre se cierra a 18:00. Noviembre a Marzo Lunes a Domingo de 09:00 asta 17:30. La Torre se cierra a 17:00 Close: Pascua y Navidad Precios de entradas 11 o + a\u00f1os : 3 euros. + de 10 personas &hellip; <a href=\"https:\/\/fernandolopes.pt\/es\/horarios-precos-catedral-porto\/\" class=\"more-link\">Sigue leyendo <span class=\"screen-reader-text\">Horarios, precios y entradas del Catedral del Oporto<\/span><\/a><\/p>\n","protected":false},"author":2,"featured_media":0,"comment_status":"closed","ping_status":"closed","sticky":false,"template":"","format":"standard","meta":{"footnotes":""},"categories":[81],"tags":[],"class_list":["post-3893","post","type-post","status-publish","format-standard","hentry","category-atracoes-no-porto"],"_links":{"self":[{"href":"https:\/\/fernandolopes.pt\/es\/wp-json\/wp\/v2\/posts\/3893","targetHints":{"allow":["GET"]}}],"collection":[{"href":"https:\/\/fernandolopes.pt\/es\/wp-json\/wp\/v2\/posts"}],"about":[{"href":"https:\/\/fernandolopes.pt\/es\/wp-json\/wp\/v2\/types\/post"}],"author":[{"embeddable":true,"href":"https:\/\/fernandolopes.pt\/es\/wp-json\/wp\/v2\/users\/2"}],"replies":[{"embeddable":true,"href":"https:\/\/fernandolopes.pt\/es\/wp-json\/wp\/v2\/comments?post=3893"}],"version-history":[{"count":0,"href":"https:\/\/fernandolopes.pt\/es\/wp-json\/wp\/v2\/posts\/3893\/revisions"}],"wp:attachment":[{"href":"https:\/\/fernandolopes.pt\/es\/wp-json\/wp\/v2\/media?parent=3893"}],"wp:term":[{"taxonomy":"category","embeddable":true,"href":"https:\/\/fernandolopes.pt\/es\/wp-json\/wp\/v2\/categories?post=3893"},{"taxonomy":"post_tag","embeddable":true,"href":"https:\/\/fernandolopes.pt\/es\/wp-json\/wp\/v2\/tags?post=3893"}],"curies":[{"name":"wp","href":"https:\/\/api.w.org\/{rel}","templated":true}]}}