{"id":4666,"date":"2024-07-03T21:40:40","date_gmt":"2024-07-03T20:40:40","guid":{"rendered":"https:\/\/fernandolopes.pt\/?p=4666"},"modified":"2025-09-05T20:35:22","modified_gmt":"2025-09-05T19:35:22","slug":"horarios-precos-teleferico-lisboa","status":"publish","type":"post","link":"https:\/\/fernandolopes.pt\/es\/horarios-precos-teleferico-lisboa\/","title":{"rendered":"Horarios, precios y boletos del Teleferico de Lisboa"},"content":{"rendered":"<p><div id='gallery-2' class='gallery galleryid-4666 gallery-columns-3 gallery-size-thumbnail'><figure class='gallery-item'>\n\t\t\t<div class='gallery-icon landscape'>\n\t\t\t\t<img loading=\"lazy\" decoding=\"async\" width=\"150\" height=\"150\" src=\"https:\/\/fernandolopes.pt\/wp-content\/uploads\/Teleferico-150x150.jpg\" class=\"attachment-thumbnail size-thumbnail\" alt=\"Telef\u00e9rico\" aria-describedby=\"gallery-2-8658\" \/>\n\t\t\t<\/div>\n\t\t\t\t<figcaption class='wp-caption-text gallery-caption' id='gallery-2-8658'>\n\t\t\t\tTelef\u00e9rico\n\t\t\t\t<\/figcaption><\/figure><figure class='gallery-item'>\n\t\t\t<div class='gallery-icon landscape'>\n\t\t\t\t<img loading=\"lazy\" decoding=\"async\" width=\"150\" height=\"150\" src=\"https:\/\/fernandolopes.pt\/wp-content\/uploads\/vista-rio-150x150.jpg\" class=\"attachment-thumbnail size-thumbnail\" alt=\"Vista del rio\" aria-describedby=\"gallery-2-8659\" \/>\n\t\t\t<\/div>\n\t\t\t\t<figcaption class='wp-caption-text gallery-caption' id='gallery-2-8659'>\n\t\t\t\tVista del rio\n\t\t\t\t<\/figcaption><\/figure><figure class='gallery-item'>\n\t\t\t<div class='gallery-icon landscape'>\n\t\t\t\t<img loading=\"lazy\" decoding=\"async\" width=\"150\" height=\"150\" src=\"https:\/\/fernandolopes.pt\/wp-content\/uploads\/vista-1-150x150.jpg\" class=\"attachment-thumbnail size-thumbnail\" alt=\"Vista de la Expo\" aria-describedby=\"gallery-2-8660\" \/>\n\t\t\t<\/div>\n\t\t\t\t<figcaption class='wp-caption-text gallery-caption' id='gallery-2-8660'>\n\t\t\t\tVista de la Expo\n\t\t\t\t<\/figcaption><\/figure>\n\t\t<\/div>\n<\/p>\n<h2>Horarios del Teleferico de Lisboa<\/h2>\n<ol><strong>Abierto todos los d\u00edas<\/strong><br \/>\nSe cierra cerca de 2 semanas para el mantenimiento en fecha a confirmar en el sitio del Telef\u00e9rico.<\/ol>\n<ol><strong>Nos d\u00edas 24, 25 e 31 de Diciembre, 01 de Enero y de 29 de Outubro a 15 de Marzo 2024<\/strong><br \/>\n11:00 as 18:00.<\/ol>\n<ol><strong>16 de Marzo a 26 de Mayo 2024 y de 11 de Septiembre a 28 de Octubre<\/strong><br \/>\n11:00 as 19:00<\/ol>\n<ol><strong>De 27 de Mayo a 10 de Septiembre 2024<\/strong><br \/>\n10:30 as 20:00<\/ol>\n<h2>Precios del Teleferico de Lisboa<\/h2>\n<ul>\n<li>03 aos 12 a\u00f1os &#8211; Solo ida : 5,50 euros \/ Ida y Vuelta : 6,50 euros.<\/li>\n<li>13 ou + a\u00f1os &#8211; Solo ida : 7,50 euros \/ Ida y Vuelta : 9,50 euros.<\/li>\n<li><a href=\"https:\/\/www.civitatis.com\/es\/lisboa\/entrada-teleferico-lisboa\/?ag_aid=47063&#038;ag_cmp=TKlxtelefericoES\" target=\"_blank\" rel=\"noopener nofollow sponsored\" style=\"color:#db0000\"><strong>Entradas para el Teleferico de Lisboa<\/strong><\/a><\/li>\n<p>&#8211; Asta 02 a\u00f1os : Gratis.<\/ul>\n<ol><strong>Estaci\u00f3n Norte:<\/strong> Passeio das Tagides. 1990-280 Lisboa (pr\u00f3ximo da antiga Torre Vasco da Gama, ahora Myriad hotel).<\/ol>\n<ol><strong>Estaci\u00f3n Sur:<\/strong> Passeio de Neptuno. 1990-280 Lisboa (proximo del Ocean\u00e1rio).<\/ol>\n<h2>Historia del Teleferico de Lisboa<\/h2>\n<p> El Telef\u00e9rico o Telecabina del Parque das Na\u00e7\u00f5es fue inaugurado en Marzo de 1998 con motivo de la Exposici\u00f3n Internacional de Lisboa (EXPO 98).<br \/>\n Dispone de 40 cabinas con capacidad para 8 pasajeros. La ruta junto al r\u00edo Tajo, a escasos metros de la orilla del r\u00edo. La terminal Sur est\u00e1 en Passeio de Neptuno, cerca del Oceanario y la terminal Norte est\u00e1 ubicada en Passeio das T\u00e1gides, cerca de la antigua Torre Vasco da Gama, ahora Hotel Myriad.<br \/>\n El recorrido, que dura entre 8 y 12 minutos, recorre un hermoso y tranquilo recorrido de 1.230 metros, sobre el r\u00edo Tajo, desde donde se puede contemplar una panor\u00e1mica del Parque das Na\u00e7\u00f5es a 30 metros de altura.<br \/>\n Podemos ver de cerca el Oceanario, la Doca dos Olivais, el Pabell\u00f3n Portugu\u00e9s y su cubierta, el Pabell\u00f3n Atl\u00e1ntico, el Pabell\u00f3n FIL y a lo lejos todo el Parque das Na\u00e7\u00f5es, la estaci\u00f3n de Oriente, las torres S\u00e3o Gabriel y S\u00e3o Rafael, el Vasco da Torre Gama y tambi\u00e9n el puente Vasco da Gama.<\/p>\n<h2>Actividades  y tours en Lisboa<\/h2>\n<div style='text-align:center;'><script>function loadScript(url, callback){var script=document.createElement('script'); script.type='text\/javascript'; if (script.readyState){script.onreadystatechange=function(){if (script.readyState=='loaded' || script.readyState=='complete'){script.onreadystatechange=null; callback();}};}else{script.onload=function(){callback();};}script.src=url; document.getElementsByTagName('head')[0].appendChild(script);}loadScript('https:\/\/www.civitatis.com\/f\/js\/vendor\/iframeResizer.min.js', function(){iFrameResize({checkOrigin:false,initCallback:function(iframe){setTimeout(function(){var resizeEvent = window.document.createEvent('UIEvents'); resizeEvent.initUIEvent('resize', true, false, window, 0); iframe.dispatchEvent(resizeEvent);});}})})<\/script><iframe class='civitatis-iframe' src='https:\/\/www.civitatis.com\/widget-activities\/?agencyId=47063&#038;agencyUserId=51488&#038;display=aside&#038;cant=3&#038;lang=es&#038;currency=EUR&#038;destination=17&#038;activities=110971,170197,27544&#038;transfer=0&#038;cmp=W_LxTeleferico_ES1&#038;width=100%&#038;hideButton=1&#038;centerContent=1&#038;typeSelection=manual&#038;color=f70759&#038;typography=Montserrat&#038;removeBackground=1&#038;showShadow=1&#038;roundedButtons=1' width='100%'  frameborder='0' data-maxwidth='100%' style='max-width: 100%'><\/iframe><\/div>\n<div style='text-align:center;'><script>function loadScript(url, callback){var script=document.createElement('script'); script.type='text\/javascript'; if (script.readyState){script.onreadystatechange=function(){if (script.readyState=='loaded' || script.readyState=='complete'){script.onreadystatechange=null; callback();}};}else{script.onload=function(){callback();};}script.src=url; document.getElementsByTagName('head')[0].appendChild(script);}loadScript('https:\/\/www.civitatis.com\/f\/js\/vendor\/iframeResizer.min.js', function(){iFrameResize({checkOrigin:false,initCallback:function(iframe){setTimeout(function(){var resizeEvent = window.document.createEvent('UIEvents'); resizeEvent.initUIEvent('resize', true, false, window, 0); iframe.dispatchEvent(resizeEvent);});}})})<\/script><iframe class='civitatis-iframe' src='https:\/\/www.civitatis.com\/widget-activities\/?agencyId=47063&#038;agencyUserId=51488&#038;display=aside&#038;cant=3&#038;lang=es&#038;currency=EUR&#038;destination=17&#038;activities=366,3423,30&#038;transfer=0&#038;cmp=W_LisboaTelefericoES2&#038;width=100%&#038;hideButton=0&#038;centerContent=1&#038;typeSelection=manual&#038;color=f70759&#038;typography=Montserrat&#038;removeBackground=0&#038;showShadow=1&#038;roundedButtons=1' width='100%'  frameborder='0' data-maxwidth='100%' style='max-width: 100%'><\/iframe><\/div>\n<h2>Tours en bicicleta en Lisboa<\/h2>\n<div data-tiqets-widget=\"discovery\" data-cards-layout=\"responsive\" data-content-type=\"product\" data-item_count=\"3\" data-hide-destination-link=\"true\" data-destination-type=\"venue\" data-destination-id=\"244353\" data-slug-ids=\"\" data-language=\"es\" data-currency=\"EUR\" data-partner=\"fernando_lopes_agencia_viagens\" data-tq-campaign=\"W_LisboaTeleferico_ES3\"><\/div>\n<p><script defer src=\"https:\/\/widgets.tiqets.com\/loader.js\"><\/script><\/p>\n<ol><strong>Ver tambi\u00e9n<\/strong><\/p>\n<li><a href=\"https:\/\/fernandolopes.pt\/es\/atracoes-atividades-lisboa\/\">Atracciones en Lisboa<\/a><\/li>\n<li><a href=\"https:\/\/fernandolopes.pt\/es\/horarios-precos-monumentos-museus-lisboa\/\">Monumentos y Museos en Lisboa<\/a><\/li>\n<li><a href=\"https:\/\/fernandolopes.pt\/es\/horarios-precos-monumentos-museus-queluz\/\">Monumentos y Museos en Queluz<\/a><\/li>\n<li><a href=\"https:\/\/fernandolopes.pt\/es\/horarios-precos-monumentos-museus-sintra\/\">Monumentos y Museos en Sintra<\/a><\/li>\n<\/ol>\n<ol><strong>Ver m\u00e1s destinos<\/strong><\/p>\n<li><a href=\"https:\/\/fernandolopes.pt\/es\/horarios-precos-monumentos-museus-portugal\/\">Monumentos y Museos en Portugal<\/a><\/li>\n<li><a href=\"https:\/\/fernandolopes.pt\/es\/monumentos-museus-europa\/\">Monumentos y Museos en Europa<\/a><\/li>\n<li><a href=\"https:\/\/fernandolopes.pt\/es\/monumentos-atracoes-actividades-america-norte\/\">Monumentos y Atracciones en Am\u00e9rica del Norte<\/a><\/li>\n<li><a href=\"https:\/\/fernandolopes.pt\/es\/monumentos-atracoes-actividades-america-central\/\">Monumentos y Atracciones en Centroam\u00e9rica<\/a><\/li>\n<li><a href=\"https:\/\/fernandolopes.pt\/es\/monumentos-atracoes-actividades-america-sul\/\">Monumentos y Atracciones en Am\u00e9rica del Sur<\/a><\/li>\n<li><a href=\"https:\/\/fernandolopes.pt\/es\/atracoes-actividades-oceania\/\">Monumentos y Atracciones en Ocean\u00eda<\/a><\/li>\n<li><a href=\"https:\/\/fernandolopes.pt\/es\/monumentos-atracoes-actividades-asia\/\">Monumentos y Atracciones en Asia<\/a><\/li>\n<li><a href=\"https:\/\/fernandolopes.pt\/es\/atracoes-actividades-africa\/\">Monumentos y Atracciones en \u00c1frica<\/a><\/li>\n<\/ol>\n<h3>Agencia de Turismo en Lisboa que opera en Portugal<\/h3>\n<p>Inscripci\u00f3n en el <a href=\"https:\/\/www.visitportugal.com\/es\/node\/314085\" target=\"_blank\" rel=\"noopener\">Turismo de Portugal<\/a><br \/>\n<strong>R.N.A.V.T. :<\/strong> 5266<\/p>\n<p><strong>Correo:<\/strong><a href=\"mailto:info@fernandolopes.pt\">info@fernandolopes.pt<\/a><\/p>\n<p><strong>M\u00f3vil:<\/strong><a href=\"tel:00351969550167\">+351 969 550 167<\/a><\/p<\/p>\n<p><strong>Tel\u00e9fono:<\/strong><a href=\"tel:00351211315522\">+351 211 315 522<\/a><\/p>\n<p><strong>Whatsapp: <\/strong><a href=\"whatsapp:\/\/send?text=Holla&#038;phone=+351969550167&#038;abid=+351969550167\">+351 969 550 167<\/a><\/p>\n<p><\/p>","protected":false},"excerpt":{"rendered":"<p>Horarios del Teleferico de Lisboa Abierto todos los d\u00edas Se cierra cerca de 2 semanas para el mantenimiento en fecha a confirmar en el sitio del Telef\u00e9rico. Nos d\u00edas 24, 25 e 31 de Diciembre, 01 de Enero y de 29 de Outubro a 15 de Marzo 2024 11:00 as 18:00. 16 de Marzo a &hellip; <a href=\"https:\/\/fernandolopes.pt\/es\/horarios-precos-teleferico-lisboa\/\" class=\"more-link\">Sigue leyendo <span class=\"screen-reader-text\">Horarios, precios y boletos del Teleferico de Lisboa<\/span><\/a><\/p>\n","protected":false},"author":2,"featured_media":0,"comment_status":"closed","ping_status":"closed","sticky":false,"template":"","format":"standard","meta":{"footnotes":""},"categories":[25],"tags":[],"class_list":["post-4666","post","type-post","status-publish","format-standard","hentry","category-atracoes-em-lisboa"],"_links":{"self":[{"href":"https:\/\/fernandolopes.pt\/es\/wp-json\/wp\/v2\/posts\/4666","targetHints":{"allow":["GET"]}}],"collection":[{"href":"https:\/\/fernandolopes.pt\/es\/wp-json\/wp\/v2\/posts"}],"about":[{"href":"https:\/\/fernandolopes.pt\/es\/wp-json\/wp\/v2\/types\/post"}],"author":[{"embeddable":true,"href":"https:\/\/fernandolopes.pt\/es\/wp-json\/wp\/v2\/users\/2"}],"replies":[{"embeddable":true,"href":"https:\/\/fernandolopes.pt\/es\/wp-json\/wp\/v2\/comments?post=4666"}],"version-history":[{"count":0,"href":"https:\/\/fernandolopes.pt\/es\/wp-json\/wp\/v2\/posts\/4666\/revisions"}],"wp:attachment":[{"href":"https:\/\/fernandolopes.pt\/es\/wp-json\/wp\/v2\/media?parent=4666"}],"wp:term":[{"taxonomy":"category","embeddable":true,"href":"https:\/\/fernandolopes.pt\/es\/wp-json\/wp\/v2\/categories?post=4666"},{"taxonomy":"post_tag","embeddable":true,"href":"https:\/\/fernandolopes.pt\/es\/wp-json\/wp\/v2\/tags?post=4666"}],"curies":[{"name":"wp","href":"https:\/\/api.w.org\/{rel}","templated":true}]}}