{"id":7300,"date":"2024-02-06T23:30:11","date_gmt":"2024-02-06T23:30:11","guid":{"rendered":"https:\/\/fernandolopes.pt\/?p=7300"},"modified":"2025-09-06T20:51:00","modified_gmt":"2025-09-06T19:51:00","slug":"horarios-precos-historia-palacio-nacional-belem","status":"publish","type":"post","link":"https:\/\/fernandolopes.pt\/es\/horarios-precos-historia-palacio-nacional-belem\/","title":{"rendered":"Horarios, precios y boletos del Palacio Nacional de Belem"},"content":{"rendered":"<p><\/p>\n<h2>Horarios del Palacio Nacional de Belem<\/h2>\n<ol>S\u00e1bados, com reserva antecipada, com visitas orientadas por t\u00e9cnicos do Museu \u00e0s 10:30, 11:30, 14:30, 15:30 e 16:30.<br \/>\n<strong>Cerrado:<\/strong> Lunes y dias 1 Enero, Domingo de pascoa, 1 Mayo y 25 Diciembre.<\/ol>\n<h2>Entrada en el Palacio Nacional de Belem<\/h2>\n<ul>&#8211; General 5,00 euros<br \/>\n&#8211; Estudiante o Profesor 3,50 euros<br \/>\n&#8211; Senior y jubilados 3,50 euros<br \/>\n&#8211; Grupos organizados (m\u00e1s de 10 personas\/precio por persona) 4,00 euros<br \/>\n&#8211; Entrada Familiar (hasta 5 personas) 14,00 euros<br \/>\n&#8211; Entrada Familiar (hasta 9 personas) 20,00 euros<\/p>\n<p><strong>Gratuita:<\/strong> previa presentaci\u00f3n de la prueba<br \/>\n&#8211; Desempleado.<br \/>\n&#8211; Ni\u00f1os hasta 14 a\u00f1os (excepto grupos organizados).<br \/>\n&#8211; Visitantes con discapacidad (60%) y un acompa\u00f1ante.<\/ul>\n<p><strong>Ubicaci\u00f3n:<\/strong> Pra\u00e7a Afonso de Albuquerque, Bel\u00e9m. 1349-022 Lisboa.<\/p>\n<h2>Historia del Palacio Nacional de Bel\u00e9m<\/h2>\n<p> Con m\u00e1s de 500 a\u00f1os de historia, el Palacio Nacional de Bel\u00e9m ha sido, desde la creaci\u00f3n de la Rep\u00fablica, la residencia oficial del Presidente de la Rep\u00fablica Portuguesa.<br \/>\n El primer propietario fue Dom Manuel de Portugal, hijo de los Condes de Vimioso. En el siglo XVI construy\u00f3 un palacio m\u00e1s peque\u00f1o. Permaneci\u00f3 en la familia hasta 1726, a\u00f1o en que el rey Don Jo\u00e3o 5\u00ba compr\u00f3 toda la propiedad al 3\u00ba Conde de Aveiras, as\u00ed como varias fincas cercanas. A partir de entonces se convirti\u00f3 en la casa de vacaciones de la familia real. Excepcionalmente, algunos soberanos incluso residieron en la Real Quinta de Bel\u00e9m, como do\u00f1a Catarina de Bragan\u00e7a, despu\u00e9s de enviudar por Carlos 2\u00ba de Inglaterra, Reyna Mar\u00eda 2\u00aa y su marido, Rey Fernando 2\u00ba, entre 1844 y 1846, Rey Carlos y Reyna Am\u00e9lia, todav\u00eda pr\u00edncipes, cuando se casaron.<br \/>\n Con el establecimiento de la Rep\u00fablica comenz\u00f3 a ser elegida como residencia oficial del Presidente de la Rep\u00fablica. Clasificado como monumento nacional en 2007, adem\u00e1s del Jard\u00edn Bot\u00e1nico Tropical.<\/p>\n<h2>Paseos en Bel\u00e9n<\/h2>\n<div style='text-align:center;'><script>function loadScript(url, callback){var script=document.createElement('script'); script.type='text\/javascript'; if (script.readyState){script.onreadystatechange=function(){if (script.readyState=='loaded' || script.readyState=='complete'){script.onreadystatechange=null; callback();}};}else{script.onload=function(){callback();};}script.src=url; document.getElementsByTagName('head')[0].appendChild(script);}loadScript('https:\/\/www.civitatis.com\/f\/js\/vendor\/iframeResizer.min.js', function(){iFrameResize({checkOrigin:false,initCallback:function(iframe){setTimeout(function(){var resizeEvent = window.document.createEvent('UIEvents'); resizeEvent.initUIEvent('resize', true, false, window, 0); iframe.dispatchEvent(resizeEvent);});}})})<\/script><iframe class='civitatis-iframe' src='https:\/\/www.civitatis.com\/widget-activities\/?agencyId=47063&#038;agencyUserId=51488&#038;display=aside&#038;cant=3&#038;lang=es&#038;currency=EUR&#038;destination=17&#038;activities=28298,32722,4697&#038;transfer=0&#038;cmp=W_LxPalacioBelem_ES1&#038;width=100%&#038;hideButton=1&#038;centerContent=1&#038;typeSelection=manual&#038;color=f70759&#038;typography=Montserrat&#038;removeBackground=1&#038;showShadow=1&#038;roundedButtons=1' width='100%'  frameborder='0' data-maxwidth='100%' style='max-width: 100%'><\/iframe><\/div>\n<h2>Paseos en Lisboa<\/h2>\n<div style='text-align:center;'><script>function loadScript(url, callback){var script=document.createElement('script'); script.type='text\/javascript'; if (script.readyState){script.onreadystatechange=function(){if (script.readyState=='loaded' || script.readyState=='complete'){script.onreadystatechange=null; callback();}};}else{script.onload=function(){callback();};}script.src=url; document.getElementsByTagName('head')[0].appendChild(script);}loadScript('https:\/\/www.civitatis.com\/f\/js\/vendor\/iframeResizer.min.js', function(){iFrameResize({checkOrigin:false,initCallback:function(iframe){setTimeout(function(){var resizeEvent = window.document.createEvent('UIEvents'); resizeEvent.initUIEvent('resize', true, false, window, 0); iframe.dispatchEvent(resizeEvent);});}})})<\/script><iframe class='civitatis-iframe' src='https:\/\/www.civitatis.com\/widget-activities\/?agencyId=47063&#038;agencyUserId=51488&#038;display=aside&#038;cant=3&#038;lang=es&#038;currency=EUR&#038;destination=17&#038;activities=366,3423,30&#038;transfer=0&#038;cmp=W_LxPalacioBelem_ES4&#038;width=100%&#038;hideButton=0&#038;centerContent=1&#038;typeSelection=manual&#038;color=f70759&#038;typography=Montserrat&#038;removeBackground=1&#038;showShadow=1&#038;roundedButtons=1' width='100%'  frameborder='0' data-maxwidth='100%' style='max-width: 100%'><\/iframe><\/div>\n<ol><strong>Ver tambi\u00e9n<\/strong><\/p>\n<li><a href=\"https:\/\/fernandolopes.pt\/es\/horarios-precos-monumentos-museus-lisboa\/\">Monumentos y Museos en Lisboa<\/a><\/li>\n<li><a href=\"https:\/\/fernandolopes.pt\/es\/atracoes-atividades-lisboa\/\">Atracciones en Lisboa<\/a><\/li>\n<li><a href=\"https:\/\/fernandolopes.pt\/es\/horarios-precos-monumentos-museus-queluz\/\">Monumentos y Museos en Queluz<\/a><\/li>\n<li><a href=\"https:\/\/fernandolopes.pt\/es\/horarios-precos-monumentos-museus-sintra\/\">Monumentos y Museos en Sintra<\/a><\/li>\n<\/ol>\n<h3>Sugerencias de Fado en Lisboa<\/h3>\n<div style='text-align:center;'><script>function loadScript(url, callback){var script=document.createElement('script'); script.type='text\/javascript'; if (script.readyState){script.onreadystatechange=function(){if (script.readyState=='loaded' || script.readyState=='complete'){script.onreadystatechange=null; callback();}};}else{script.onload=function(){callback();};}script.src=url; document.getElementsByTagName('head')[0].appendChild(script);}loadScript('https:\/\/www.civitatis.com\/f\/js\/vendor\/iframeResizer.min.js', function(){iFrameResize({checkOrigin:false,initCallback:function(iframe){setTimeout(function(){var resizeEvent = window.document.createEvent('UIEvents'); resizeEvent.initUIEvent('resize', true, false, window, 0); iframe.dispatchEvent(resizeEvent);});}})})<\/script><iframe class='civitatis-iframe' src='https:\/\/www.civitatis.com\/widget-activities\/?agencyId=47063&#038;agencyUserId=51488&#038;display=aside&#038;cant=3&#038;lang=es&#038;currency=EUR&#038;destination=17&#038;activities=155859,155860,155772&#038;transfer=0&#038;cmp=W_LxPalacioBelemFados_ES3&#038;width=100%&#038;hideButton=1&#038;centerContent=1&#038;typeSelection=manual&#038;color=f70759&#038;typography=Montserrat&#038;removeBackground=1&#038;showShadow=1&#038;roundedButtons=1' width='100%'  frameborder='0' data-maxwidth='100%' style='max-width: 100%'><\/iframe><\/div>\n<h3>Tours que comienzan y terminan en Lisboa<\/h3>\n<div style='text-align:center;'><script>function loadScript(url, callback){var script=document.createElement('script'); script.type='text\/javascript'; if (script.readyState){script.onreadystatechange=function(){if (script.readyState=='loaded' || script.readyState=='complete'){script.onreadystatechange=null; callback();}};}else{script.onload=function(){callback();};}script.src=url; document.getElementsByTagName('head')[0].appendChild(script);}loadScript('https:\/\/www.civitatis.com\/f\/js\/vendor\/iframeResizer.min.js', function(){iFrameResize({checkOrigin:false,initCallback:function(iframe){setTimeout(function(){var resizeEvent = window.document.createEvent('UIEvents'); resizeEvent.initUIEvent('resize', true, false, window, 0); iframe.dispatchEvent(resizeEvent);});}})})<\/script><iframe class='civitatis-iframe' src='https:\/\/www.civitatis.com\/widget-activities\/?agencyId=47063&#038;agencyUserId=51488&#038;display=aside&#038;cant=3&#038;lang=es&#038;currency=EUR&#038;destination=17&#038;activities=32,154410,31&#038;transfer=0&#038;cmp=W_LxPalacioBelemES4&#038;width=100%&#038;hideButton=0&#038;centerContent=1&#038;typeSelection=manual&#038;color=f70759&#038;typography=Montserrat&#038;removeBackground=1&#038;showShadow=1&#038;roundedButtons=1' width='100%'  frameborder='0' data-maxwidth='100%' style='max-width: 100%'><\/iframe><\/div>\n<ol><strong>Ver m\u00e1s destinos<\/strong><\/p>\n<li><a href=\"https:\/\/fernandolopes.pt\/es\/horarios-precos-monumentos-museus-portugal\/\">Monumentos y Museos en Portugal<\/a><\/li>\n<li><a href=\"https:\/\/fernandolopes.pt\/es\/monumentos-museus-europa\/\">Monumentos y Museos en Europa<\/a><\/li>\n<li><a href=\"https:\/\/fernandolopes.pt\/es\/monumentos-atracoes-actividades-america-norte\/\">Monumentos y Atracciones en Am\u00e9rica del Norte<\/a><\/li>\n<li><a href=\"https:\/\/fernandolopes.pt\/es\/monumentos-atracoes-actividades-america-central\/\">Monumentos y Atracciones en Centroam\u00e9rica<\/a><\/li>\n<li><a href=\"https:\/\/fernandolopes.pt\/es\/monumentos-atracoes-actividades-america-sul\/\">Monumentos y Atracciones en Am\u00e9rica del Sur<\/a><\/li>\n<li><a href=\"https:\/\/fernandolopes.pt\/es\/atracoes-actividades-oceania\/\">Monumentos y Atracciones en Ocean\u00eda<\/a><\/li>\n<li><a href=\"https:\/\/fernandolopes.pt\/es\/monumentos-atracoes-actividades-asia\/\">Monumentos y Atracciones en Asia<\/a><\/li>\n<li><a href=\"https:\/\/fernandolopes.pt\/es\/atracoes-actividades-africa\/\">Monumentos y Atracciones en \u00c1frica<\/a><\/li>\n<\/ol>\n<h3>Agencia de Turismo en Lisboa que opera en Portugal<\/h3>\n<p>Inscripci\u00f3n en el <a href=\"https:\/\/www.visitportugal.com\/es\/node\/314085\" target=\"_blank\" rel=\"noopener noreferrer\">Turismo de Portugal<\/a><br \/>\n<strong>R.N.A.V.T. :<\/strong> 5266<\/p>\n<p><strong>Correo:<\/strong><a href=\"mailto:info@fernandolopes.pt\">info@fernandolopes.pt<\/a><\/p>\n<p><strong>M\u00f3vil:<\/strong><a href=\"tel:00351969550167\">+351 969 550 167<\/a><\/p>\n<p><strong>Tel\u00e9fono:<\/strong><a href=\"tel:00351211315522\">+351 211 315 522<\/a><\/p>\n<p><strong>Whatsapp: <\/strong><a href=\"whatsapp:\/\/send?text=Holla&#038;phone=+351969550167&#038;abid=+351969550167\">+351 969 550 167<\/a><\/p>\n<p><\/p>","protected":false},"excerpt":{"rendered":"<p>Horarios del Palacio Nacional de Belem S\u00e1bados, com reserva antecipada, com visitas orientadas por t\u00e9cnicos do Museu \u00e0s 10:30, 11:30, 14:30, 15:30 e 16:30. Cerrado: Lunes y dias 1 Enero, Domingo de pascoa, 1 Mayo y 25 Diciembre. Entrada en el Palacio Nacional de Belem &#8211; General 5,00 euros &#8211; Estudiante o Profesor 3,50 euros &hellip; <a href=\"https:\/\/fernandolopes.pt\/es\/horarios-precos-historia-palacio-nacional-belem\/\" class=\"more-link\">Sigue leyendo <span class=\"screen-reader-text\">Horarios, precios y boletos del Palacio Nacional de Belem<\/span><\/a><\/p>\n","protected":false},"author":2,"featured_media":0,"comment_status":"closed","ping_status":"closed","sticky":false,"template":"","format":"standard","meta":{"footnotes":""},"categories":[20],"tags":[],"class_list":["post-7300","post","type-post","status-publish","format-standard","hentry","category-monumentos-atracoes-lisboa"],"_links":{"self":[{"href":"https:\/\/fernandolopes.pt\/es\/wp-json\/wp\/v2\/posts\/7300","targetHints":{"allow":["GET"]}}],"collection":[{"href":"https:\/\/fernandolopes.pt\/es\/wp-json\/wp\/v2\/posts"}],"about":[{"href":"https:\/\/fernandolopes.pt\/es\/wp-json\/wp\/v2\/types\/post"}],"author":[{"embeddable":true,"href":"https:\/\/fernandolopes.pt\/es\/wp-json\/wp\/v2\/users\/2"}],"replies":[{"embeddable":true,"href":"https:\/\/fernandolopes.pt\/es\/wp-json\/wp\/v2\/comments?post=7300"}],"version-history":[{"count":0,"href":"https:\/\/fernandolopes.pt\/es\/wp-json\/wp\/v2\/posts\/7300\/revisions"}],"wp:attachment":[{"href":"https:\/\/fernandolopes.pt\/es\/wp-json\/wp\/v2\/media?parent=7300"}],"wp:term":[{"taxonomy":"category","embeddable":true,"href":"https:\/\/fernandolopes.pt\/es\/wp-json\/wp\/v2\/categories?post=7300"},{"taxonomy":"post_tag","embeddable":true,"href":"https:\/\/fernandolopes.pt\/es\/wp-json\/wp\/v2\/tags?post=7300"}],"curies":[{"name":"wp","href":"https:\/\/api.w.org\/{rel}","templated":true}]}}